{"id":112,"date":"2025-06-30T00:41:22","date_gmt":"2025-06-30T00:41:22","guid":{"rendered":"https:\/\/buzzmag.hu\/?p=112"},"modified":"2025-06-30T00:43:38","modified_gmt":"2025-06-30T00:43:38","slug":"%f0%9f%94%8d-a-fal-ami-minden-ejjel-sirt-egy-kitalalt-de-hatborzongato-tortenet","status":"publish","type":"post","link":"https:\/\/buzzmag.hu\/?p=112","title":{"rendered":"\ud83d\udd0d A fal, ami minden \u00e9jjel s\u00edrt \u2013 egy kital\u00e1lt, de h\u00e1tborzongat\u00f3 t\u00f6rt\u00e9net"},"content":{"rendered":"\n<blockquote class=\"wp-block-quote is-layout-flow wp-block-quote-is-layout-flow\">\n<p>\u26a0\ufe0f <em>Figyelem: Az al\u00e1bbi t\u00f6rt\u00e9net teljes m\u00e9rt\u00e9kben fikci\u00f3. Nem val\u00f3s esem\u00e9nyeken alapul, csup\u00e1n k\u00e9pzelet sz\u00fclte rejt\u00e9ly, amelynek c\u00e9lja a sz\u00f3rakoztat\u00e1s \u00e9s az elgondolkodtat\u00e1s.<\/em><\/p>\n<\/blockquote>\n\n\n\n<hr class=\"wp-block-separator has-alpha-channel-opacity\"\/>\n\n\n\n<p><strong>Egy fal, ami s\u00edr? Ez nem lehet igaz!<\/strong><br>Legal\u00e1bbis ezt gondoln\u00e1 b\u00e1rki, aki el\u0151sz\u00f6r hallja a t\u00f6rt\u00e9netet egy b\u00e9k\u00e9s Magyar kisv\u00e1rosr\u00f3l. A helyiek viszont m\u00e1st mondanak. Egy \u00f6reg paraszth\u00e1z nappal teljesen \u00e1tlagos \u2013 de \u00e9jjelente&#8230; mintha zokogna a fal. \u00c9s ez nem metafora.<\/p>\n\n\n\n<hr class=\"wp-block-separator has-alpha-channel-opacity\"\/>\n\n\n\n<h3 class=\"wp-block-heading\"><strong>A kezdetek \u2013 a furcsa zajok<\/strong><\/h3>\n\n\n\n<p>A t\u00f6rt\u00e9net 2023 tavasz\u00e1n kezd\u0151d\u00f6tt. A h\u00e1zat frissen v\u00e1s\u00e1rolta meg egy fiatal p\u00e1r, D\u00f3ra \u00e9s Krist\u00f3f, akik vid\u00e9kre k\u00f6lt\u00f6ztek a f\u0151v\u00e1ros zaj\u00e1b\u00f3l. Az els\u0151 \u00e9jszak\u00e1k nyugodtan teltek, de azt\u00e1n\u2026<\/p>\n\n\n\n<blockquote class=\"wp-block-quote is-layout-flow wp-block-quote-is-layout-flow\">\n<p><em>\u201ePontban 2:41-kor hallottam el\u0151sz\u00f6r. Mintha valaki halkan s\u00edrna a fal m\u00f6g\u00f6tt. El\u0151sz\u00f6r azt hittem, csak a sz\u00e9l vagy valami cs\u0151. Azt\u00e1n m\u00e1snap is. \u00c9s harmadnap is.\u201d<\/em> \u2013 mes\u00e9li D\u00f3ra.<\/p>\n<\/blockquote>\n\n\n\n<p>A p\u00e1r el\u0151sz\u00f6r szerel\u0151t h\u00edvott. A v\u00edzvezet\u00e9kek hib\u00e1tlanok voltak. A fal sz\u00e1raz. Nem volt reped\u00e9s, se nyom, se logikus magyar\u00e1zat.<\/p>\n\n\n\n<hr class=\"wp-block-separator has-alpha-channel-opacity\"\/>\n\n\n\n<h3 class=\"wp-block-heading\"><strong>A hang, amit t\u00f6bben is hallottak<\/strong><\/h3>\n\n\n\n<p>Nemcsak \u0151k ketten hallott\u00e1k a s\u00edr\u00e1st. Megh\u00edvt\u00e1k a szomsz\u00e9dokat, akik szint\u00e9n tan\u00fai voltak a k\u00fcl\u00f6n\u00f6s zajnak. Egyik\u00fck, egy nyugd\u00edjas tan\u00edt\u00f3n\u0151 azt mondta:<\/p>\n\n\n\n<blockquote class=\"wp-block-quote is-layout-flow wp-block-quote-is-layout-flow\">\n<p><em>\u201eUgyanilyen hangokat hallottam gyerekk\u00e9nt a h\u00e1z mellett els\u00e9t\u00e1lva. Akkoriban azt mondt\u00e1k, a h\u00e1zban valaki elt\u0171nt a h\u00e1bor\u00fa alatt\u2026\u201d<\/em><\/p>\n<\/blockquote>\n\n\n\n<hr class=\"wp-block-separator has-alpha-channel-opacity\"\/>\n\n\n\n<h3 class=\"wp-block-heading\"><strong>Kutat\u00e1s a m\u00faltban \u2013 megr\u00e1z\u00f3 felfedez\u00e9s<\/strong><\/h3>\n\n\n\n<p>A p\u00e1r elkezdett nyomozni. A r\u00e9gi \u00f6nkorm\u00e1nyzati iratok \u00e9s lev\u00e9lt\u00e1ri anyagok k\u00f6z\u00f6tt val\u00f3ban tal\u00e1ltak valamit. A h\u00e1z 1944-ben egy zsid\u00f3 csal\u00e1d\u00e9 volt. A csal\u00e1dot egy \u00e9jszaka vitt\u00e9k el \u2013 a szomsz\u00e9dok szerint a kisfi\u00fa az utols\u00f3 pillanatban elb\u00fajt\u2026 a falban. \u00c9s ott is halt meg. Soha nem tal\u00e1lt\u00e1k meg hivatalosan.<\/p>\n\n\n\n<hr class=\"wp-block-separator has-alpha-channel-opacity\"\/>\n\n\n\n<h3 class=\"wp-block-heading\"><strong>Tudom\u00e1ny vagy t\u00falvil\u00e1g?<\/strong><\/h3>\n\n\n\n<p>Paranorm\u00e1lis kutat\u00f3k is felkerest\u00e9k a h\u00e1zat. Egyik\u00fck r\u00f6gz\u00edtett is egy hangfelv\u00e9telt: alig hallhat\u00f3, szinte emberi s\u00f3hajokat. A felv\u00e9tel elemz\u00e9se sor\u00e1n a hang frekvenci\u00e1ja <em>val\u00f3ban hasonl\u00edtott egy s\u00edr\u00f3 gyerek\u00e9hez<\/em>. Egyesek szerint azonban a falban maradt leveg\u0151kamr\u00e1k rezon\u00e1lnak valamilyen k\u00fcl\u00f6nleges m\u00f3don \u2013 ezt viszont senki sem tudta megism\u00e9telni vagy bizony\u00edtani.<\/p>\n\n\n\n<hr class=\"wp-block-separator has-alpha-channel-opacity\"\/>\n\n\n\n<h3 class=\"wp-block-heading\"><strong>Mi t\u00f6rt\u00e9nik ma a h\u00e1zzal?<\/strong><\/h3>\n\n\n\n<p>A p\u00e1r egy id\u0151 ut\u00e1n megszokta a hangokat. D\u00f3ra elmond\u00e1sa szerint <em>\u201em\u00e1r nem f\u00e9lelmetes \u2013 ink\u00e1bb szomor\u00fa. Mintha csak eml\u00e9keztetne valamire, amit nem lenne szabad elfelejteni.\u201d<\/em><\/p>\n\n\n\n<p>Az\u00f3ta minden \u00e9vben gyerty\u00e1t gy\u00fajtanak azon az \u00e9jszak\u00e1n. A s\u00edr\u00e1s pedig\u2026 <strong>aznap elmarad.<\/strong><\/p>\n\n\n\n<hr class=\"wp-block-separator has-alpha-channel-opacity\"\/>\n\n\n\n<p>\ud83d\udd6f\ufe0f <em>Lehets\u00e9ges, hogy a m\u00falt f\u00e1jdalm\u00e1t m\u00e9g a falak is \u0151rzik? Vagy csup\u00e1n a k\u00e9pzelet j\u00e1tszik vel\u00fcnk? B\u00e1rhogyan is van \u2013 ez a t\u00f6rt\u00e9net vel\u00fcnk marad.<\/em><\/p>\n","protected":false},"excerpt":{"rendered":"<div class=\"mh-excerpt\"><p>\u26a0\ufe0f Figyelem: Az al\u00e1bbi t\u00f6rt\u00e9net teljes m\u00e9rt\u00e9kben fikci\u00f3. Nem val\u00f3s esem\u00e9nyeken alapul, csup\u00e1n k\u00e9pzelet sz\u00fclte rejt\u00e9ly, amelynek c\u00e9lja a sz\u00f3rakoztat\u00e1s \u00e9s az elgondolkodtat\u00e1s. Egy fal, <a class=\"mh-excerpt-more\" href=\"https:\/\/buzzmag.hu\/?p=112\" title=\"\ud83d\udd0d A fal, ami minden \u00e9jjel s\u00edrt \u2013 egy kital\u00e1lt, de h\u00e1tborzongat\u00f3 t\u00f6rt\u00e9net\">[&#8230;]<\/a><\/p>\n<\/div>","protected":false},"author":1,"featured_media":114,"comment_status":"closed","ping_status":"closed","sticky":false,"template":"","format":"standard","meta":{"footnotes":""},"categories":[5,1],"tags":[],"class_list":["post-112","post","type-post","status-publish","format-standard","has-post-thumbnail","hentry","category-erdekessegek","category-omg"],"yoast_head":"<!-- This site is optimized with the Yoast SEO plugin v26.0 - https:\/\/yoast.com\/wordpress\/plugins\/seo\/ -->\n<title>\ud83d\udd0d A fal, ami minden \u00e9jjel s\u00edrt \u2013 egy kital\u00e1lt, de h\u00e1tborzongat\u00f3 t\u00f6rt\u00e9net - Buzzmag<\/title>\n<meta name=\"robots\" content=\"index, follow, max-snippet:-1, max-image-preview:large, max-video-preview:-1\" \/>\n<link rel=\"canonical\" href=\"https:\/\/buzzmag.hu\/?p=112\" \/>\n<meta property=\"og:locale\" content=\"hu_HU\" \/>\n<meta property=\"og:type\" content=\"article\" \/>\n<meta property=\"og:title\" content=\"\ud83d\udd0d A fal, ami minden \u00e9jjel s\u00edrt \u2013 egy kital\u00e1lt, de h\u00e1tborzongat\u00f3 t\u00f6rt\u00e9net - Buzzmag\" \/>\n<meta property=\"og:description\" content=\"\u26a0\ufe0f Figyelem: Az al\u00e1bbi t\u00f6rt\u00e9net teljes m\u00e9rt\u00e9kben fikci\u00f3. Nem val\u00f3s esem\u00e9nyeken alapul, csup\u00e1n k\u00e9pzelet sz\u00fclte rejt\u00e9ly, amelynek c\u00e9lja a sz\u00f3rakoztat\u00e1s \u00e9s az elgondolkodtat\u00e1s. Egy fal, [...]\" \/>\n<meta property=\"og:url\" content=\"https:\/\/buzzmag.hu\/?p=112\" \/>\n<meta property=\"og:site_name\" content=\"Buzzmag\" \/>\n<meta property=\"article:published_time\" content=\"2025-06-30T00:41:22+00:00\" \/>\n<meta property=\"article:modified_time\" content=\"2025-06-30T00:43:38+00:00\" \/>\n<meta property=\"og:image\" content=\"https:\/\/buzzmag.hu\/wp-content\/uploads\/2025\/06\/fal1.png\" \/>\n\t<meta property=\"og:image:width\" content=\"1024\" \/>\n\t<meta property=\"og:image:height\" content=\"1024\" \/>\n\t<meta property=\"og:image:type\" content=\"image\/png\" \/>\n<meta name=\"author\" content=\"admin\" \/>\n<script type=\"application\/ld+json\" class=\"yoast-schema-graph\">{\"@context\":\"https:\/\/schema.org\",\"@graph\":[{\"@type\":\"Article\",\"@id\":\"https:\/\/buzzmag.hu\/?p=112#article\",\"isPartOf\":{\"@id\":\"https:\/\/buzzmag.hu\/?p=112\"},\"author\":{\"name\":\"admin\",\"@id\":\"https:\/\/buzzmag.hu\/#\/schema\/person\/55a92e4f60c41616ff45d132caa3af4e\"},\"headline\":\"\ud83d\udd0d A fal, ami minden \u00e9jjel s\u00edrt \u2013 egy kital\u00e1lt, de h\u00e1tborzongat\u00f3 t\u00f6rt\u00e9net\",\"datePublished\":\"2025-06-30T00:41:22+00:00\",\"dateModified\":\"2025-06-30T00:43:38+00:00\",\"mainEntityOfPage\":{\"@id\":\"https:\/\/buzzmag.hu\/?p=112\"},\"wordCount\":552,\"publisher\":{\"@id\":\"https:\/\/buzzmag.hu\/#organization\"},\"image\":{\"@id\":\"https:\/\/buzzmag.hu\/?p=112#primaryimage\"},\"thumbnailUrl\":\"https:\/\/buzzmag.hu\/wp-content\/uploads\/2025\/06\/fal1.png\",\"articleSection\":[\"#\u00e9rdekess\u00e9gek\",\"#omg\"],\"inLanguage\":\"hu\"},{\"@type\":\"WebPage\",\"@id\":\"https:\/\/buzzmag.hu\/?p=112\",\"url\":\"https:\/\/buzzmag.hu\/?p=112\",\"name\":\"\ud83d\udd0d A fal, ami minden \u00e9jjel s\u00edrt \u2013 egy kital\u00e1lt, de h\u00e1tborzongat\u00f3 t\u00f6rt\u00e9net - Buzzmag\",\"isPartOf\":{\"@id\":\"https:\/\/buzzmag.hu\/#website\"},\"primaryImageOfPage\":{\"@id\":\"https:\/\/buzzmag.hu\/?p=112#primaryimage\"},\"image\":{\"@id\":\"https:\/\/buzzmag.hu\/?p=112#primaryimage\"},\"thumbnailUrl\":\"https:\/\/buzzmag.hu\/wp-content\/uploads\/2025\/06\/fal1.png\",\"datePublished\":\"2025-06-30T00:41:22+00:00\",\"dateModified\":\"2025-06-30T00:43:38+00:00\",\"breadcrumb\":{\"@id\":\"https:\/\/buzzmag.hu\/?p=112#breadcrumb\"},\"inLanguage\":\"hu\",\"potentialAction\":[{\"@type\":\"ReadAction\",\"target\":[\"https:\/\/buzzmag.hu\/?p=112\"]}]},{\"@type\":\"ImageObject\",\"inLanguage\":\"hu\",\"@id\":\"https:\/\/buzzmag.hu\/?p=112#primaryimage\",\"url\":\"https:\/\/buzzmag.hu\/wp-content\/uploads\/2025\/06\/fal1.png\",\"contentUrl\":\"https:\/\/buzzmag.hu\/wp-content\/uploads\/2025\/06\/fal1.png\",\"width\":1024,\"height\":1024},{\"@type\":\"BreadcrumbList\",\"@id\":\"https:\/\/buzzmag.hu\/?p=112#breadcrumb\",\"itemListElement\":[{\"@type\":\"ListItem\",\"position\":1,\"name\":\"Kezd\u0151lap\",\"item\":\"https:\/\/buzzmag.hu\/\"},{\"@type\":\"ListItem\",\"position\":2,\"name\":\"\ud83d\udd0d A fal, ami minden \u00e9jjel s\u00edrt \u2013 egy kital\u00e1lt, de h\u00e1tborzongat\u00f3 t\u00f6rt\u00e9net\"}]},{\"@type\":\"WebSite\",\"@id\":\"https:\/\/buzzmag.hu\/#website\",\"url\":\"https:\/\/buzzmag.hu\/\",\"name\":\"Buzzmag\",\"description\":\"\",\"publisher\":{\"@id\":\"https:\/\/buzzmag.hu\/#organization\"},\"potentialAction\":[{\"@type\":\"SearchAction\",\"target\":{\"@type\":\"EntryPoint\",\"urlTemplate\":\"https:\/\/buzzmag.hu\/?s={search_term_string}\"},\"query-input\":{\"@type\":\"PropertyValueSpecification\",\"valueRequired\":true,\"valueName\":\"search_term_string\"}}],\"inLanguage\":\"hu\"},{\"@type\":\"Organization\",\"@id\":\"https:\/\/buzzmag.hu\/#organization\",\"name\":\"Buzzmag\",\"url\":\"https:\/\/buzzmag.hu\/\",\"logo\":{\"@type\":\"ImageObject\",\"inLanguage\":\"hu\",\"@id\":\"https:\/\/buzzmag.hu\/#\/schema\/logo\/image\/\",\"url\":\"https:\/\/buzzmag.hu\/wp-content\/uploads\/2025\/06\/cropped-cropped-unnamed-e1750718153218.png\",\"contentUrl\":\"https:\/\/buzzmag.hu\/wp-content\/uploads\/2025\/06\/cropped-cropped-unnamed-e1750718153218.png\",\"width\":300,\"height\":100,\"caption\":\"Buzzmag\"},\"image\":{\"@id\":\"https:\/\/buzzmag.hu\/#\/schema\/logo\/image\/\"}},{\"@type\":\"Person\",\"@id\":\"https:\/\/buzzmag.hu\/#\/schema\/person\/55a92e4f60c41616ff45d132caa3af4e\",\"name\":\"admin\",\"sameAs\":[\"https:\/\/buzzmag.hu\"],\"url\":\"https:\/\/buzzmag.hu\/?author=1\"}]}<\/script>\n<!-- \/ Yoast SEO plugin. -->","yoast_head_json":{"title":"\ud83d\udd0d A fal, ami minden \u00e9jjel s\u00edrt \u2013 egy kital\u00e1lt, de h\u00e1tborzongat\u00f3 t\u00f6rt\u00e9net - Buzzmag","robots":{"index":"index","follow":"follow","max-snippet":"max-snippet:-1","max-image-preview":"max-image-preview:large","max-video-preview":"max-video-preview:-1"},"canonical":"https:\/\/buzzmag.hu\/?p=112","og_locale":"hu_HU","og_type":"article","og_title":"\ud83d\udd0d A fal, ami minden \u00e9jjel s\u00edrt \u2013 egy kital\u00e1lt, de h\u00e1tborzongat\u00f3 t\u00f6rt\u00e9net - Buzzmag","og_description":"\u26a0\ufe0f Figyelem: Az al\u00e1bbi t\u00f6rt\u00e9net teljes m\u00e9rt\u00e9kben fikci\u00f3. Nem val\u00f3s esem\u00e9nyeken alapul, csup\u00e1n k\u00e9pzelet sz\u00fclte rejt\u00e9ly, amelynek c\u00e9lja a sz\u00f3rakoztat\u00e1s \u00e9s az elgondolkodtat\u00e1s. Egy fal, [...]","og_url":"https:\/\/buzzmag.hu\/?p=112","og_site_name":"Buzzmag","article_published_time":"2025-06-30T00:41:22+00:00","article_modified_time":"2025-06-30T00:43:38+00:00","og_image":[{"width":1024,"height":1024,"url":"https:\/\/buzzmag.hu\/wp-content\/uploads\/2025\/06\/fal1.png","type":"image\/png"}],"author":"admin","schema":{"@context":"https:\/\/schema.org","@graph":[{"@type":"Article","@id":"https:\/\/buzzmag.hu\/?p=112#article","isPartOf":{"@id":"https:\/\/buzzmag.hu\/?p=112"},"author":{"name":"admin","@id":"https:\/\/buzzmag.hu\/#\/schema\/person\/55a92e4f60c41616ff45d132caa3af4e"},"headline":"\ud83d\udd0d A fal, ami minden \u00e9jjel s\u00edrt \u2013 egy kital\u00e1lt, de h\u00e1tborzongat\u00f3 t\u00f6rt\u00e9net","datePublished":"2025-06-30T00:41:22+00:00","dateModified":"2025-06-30T00:43:38+00:00","mainEntityOfPage":{"@id":"https:\/\/buzzmag.hu\/?p=112"},"wordCount":552,"publisher":{"@id":"https:\/\/buzzmag.hu\/#organization"},"image":{"@id":"https:\/\/buzzmag.hu\/?p=112#primaryimage"},"thumbnailUrl":"https:\/\/buzzmag.hu\/wp-content\/uploads\/2025\/06\/fal1.png","articleSection":["#\u00e9rdekess\u00e9gek","#omg"],"inLanguage":"hu"},{"@type":"WebPage","@id":"https:\/\/buzzmag.hu\/?p=112","url":"https:\/\/buzzmag.hu\/?p=112","name":"\ud83d\udd0d A fal, ami minden \u00e9jjel s\u00edrt \u2013 egy kital\u00e1lt, de h\u00e1tborzongat\u00f3 t\u00f6rt\u00e9net - Buzzmag","isPartOf":{"@id":"https:\/\/buzzmag.hu\/#website"},"primaryImageOfPage":{"@id":"https:\/\/buzzmag.hu\/?p=112#primaryimage"},"image":{"@id":"https:\/\/buzzmag.hu\/?p=112#primaryimage"},"thumbnailUrl":"https:\/\/buzzmag.hu\/wp-content\/uploads\/2025\/06\/fal1.png","datePublished":"2025-06-30T00:41:22+00:00","dateModified":"2025-06-30T00:43:38+00:00","breadcrumb":{"@id":"https:\/\/buzzmag.hu\/?p=112#breadcrumb"},"inLanguage":"hu","potentialAction":[{"@type":"ReadAction","target":["https:\/\/buzzmag.hu\/?p=112"]}]},{"@type":"ImageObject","inLanguage":"hu","@id":"https:\/\/buzzmag.hu\/?p=112#primaryimage","url":"https:\/\/buzzmag.hu\/wp-content\/uploads\/2025\/06\/fal1.png","contentUrl":"https:\/\/buzzmag.hu\/wp-content\/uploads\/2025\/06\/fal1.png","width":1024,"height":1024},{"@type":"BreadcrumbList","@id":"https:\/\/buzzmag.hu\/?p=112#breadcrumb","itemListElement":[{"@type":"ListItem","position":1,"name":"Kezd\u0151lap","item":"https:\/\/buzzmag.hu\/"},{"@type":"ListItem","position":2,"name":"\ud83d\udd0d A fal, ami minden \u00e9jjel s\u00edrt \u2013 egy kital\u00e1lt, de h\u00e1tborzongat\u00f3 t\u00f6rt\u00e9net"}]},{"@type":"WebSite","@id":"https:\/\/buzzmag.hu\/#website","url":"https:\/\/buzzmag.hu\/","name":"Buzzmag","description":"","publisher":{"@id":"https:\/\/buzzmag.hu\/#organization"},"potentialAction":[{"@type":"SearchAction","target":{"@type":"EntryPoint","urlTemplate":"https:\/\/buzzmag.hu\/?s={search_term_string}"},"query-input":{"@type":"PropertyValueSpecification","valueRequired":true,"valueName":"search_term_string"}}],"inLanguage":"hu"},{"@type":"Organization","@id":"https:\/\/buzzmag.hu\/#organization","name":"Buzzmag","url":"https:\/\/buzzmag.hu\/","logo":{"@type":"ImageObject","inLanguage":"hu","@id":"https:\/\/buzzmag.hu\/#\/schema\/logo\/image\/","url":"https:\/\/buzzmag.hu\/wp-content\/uploads\/2025\/06\/cropped-cropped-unnamed-e1750718153218.png","contentUrl":"https:\/\/buzzmag.hu\/wp-content\/uploads\/2025\/06\/cropped-cropped-unnamed-e1750718153218.png","width":300,"height":100,"caption":"Buzzmag"},"image":{"@id":"https:\/\/buzzmag.hu\/#\/schema\/logo\/image\/"}},{"@type":"Person","@id":"https:\/\/buzzmag.hu\/#\/schema\/person\/55a92e4f60c41616ff45d132caa3af4e","name":"admin","sameAs":["https:\/\/buzzmag.hu"],"url":"https:\/\/buzzmag.hu\/?author=1"}]}},"_links":{"self":[{"href":"https:\/\/buzzmag.hu\/index.php?rest_route=\/wp\/v2\/posts\/112","targetHints":{"allow":["GET"]}}],"collection":[{"href":"https:\/\/buzzmag.hu\/index.php?rest_route=\/wp\/v2\/posts"}],"about":[{"href":"https:\/\/buzzmag.hu\/index.php?rest_route=\/wp\/v2\/types\/post"}],"author":[{"embeddable":true,"href":"https:\/\/buzzmag.hu\/index.php?rest_route=\/wp\/v2\/users\/1"}],"replies":[{"embeddable":true,"href":"https:\/\/buzzmag.hu\/index.php?rest_route=%2Fwp%2Fv2%2Fcomments&post=112"}],"version-history":[{"count":1,"href":"https:\/\/buzzmag.hu\/index.php?rest_route=\/wp\/v2\/posts\/112\/revisions"}],"predecessor-version":[{"id":113,"href":"https:\/\/buzzmag.hu\/index.php?rest_route=\/wp\/v2\/posts\/112\/revisions\/113"}],"wp:featuredmedia":[{"embeddable":true,"href":"https:\/\/buzzmag.hu\/index.php?rest_route=\/wp\/v2\/media\/114"}],"wp:attachment":[{"href":"https:\/\/buzzmag.hu\/index.php?rest_route=%2Fwp%2Fv2%2Fmedia&parent=112"}],"wp:term":[{"taxonomy":"category","embeddable":true,"href":"https:\/\/buzzmag.hu\/index.php?rest_route=%2Fwp%2Fv2%2Fcategories&post=112"},{"taxonomy":"post_tag","embeddable":true,"href":"https:\/\/buzzmag.hu\/index.php?rest_route=%2Fwp%2Fv2%2Ftags&post=112"}],"curies":[{"name":"wp","href":"https:\/\/api.w.org\/{rel}","templated":true}]}}